{"id":543,"date":"2025-03-14T08:36:56","date_gmt":"2025-03-14T07:36:56","guid":{"rendered":"https:\/\/evja.pl\/?p=543"},"modified":"2025-03-14T08:41:17","modified_gmt":"2025-03-14T07:41:17","slug":"kalendarze-trojdzielne-biurkowe-ksiazkowe","status":"publish","type":"post","link":"https:\/\/evja.pl\/index.php\/2025\/03\/14\/kalendarze-trojdzielne-biurkowe-ksiazkowe\/","title":{"rendered":"Kalendarze tr\u00f3jdzielne, biurkowe czy ksi\u0105\u017ckowe \u2013 jaki rodzaj kalendarza wybra\u0107 dla swojej firmy?"},"content":{"rendered":"\n<figure class=\"wp-block-image aligncenter size-large\"><img fetchpriority=\"high\" decoding=\"async\" width=\"1024\" height=\"683\" src=\"https:\/\/evja.pl\/wp-content\/uploads\/2025\/03\/kalendarz-1024x683.webp\" alt=\"\" class=\"wp-image-544\" srcset=\"https:\/\/evja.pl\/wp-content\/uploads\/2025\/03\/kalendarz-1024x683.webp 1024w, https:\/\/evja.pl\/wp-content\/uploads\/2025\/03\/kalendarz-300x200.webp 300w, https:\/\/evja.pl\/wp-content\/uploads\/2025\/03\/kalendarz-768x512.webp 768w, https:\/\/evja.pl\/wp-content\/uploads\/2025\/03\/kalendarz-1536x1024.webp 1536w, https:\/\/evja.pl\/wp-content\/uploads\/2025\/03\/kalendarz.webp 1920w\" sizes=\"(max-width: 1024px) 100vw, 1024px\" \/><\/figure>\n\n\n\n<p>Ka\u017cda firma potrzebuje sprawdzonego sposobu na organizacj\u0119 czasu. Spotkania, terminy realizacji, wa\u017cne wydarzenia \u2013 wszystko to trzeba mie\u0107 pod kontrol\u0105. Mimo wszechobecnych narz\u0119dzi cyfrowych tradycyjne kalendarze wci\u0105\u017c pozostaj\u0105 niezast\u0105pione. Mog\u0105 by\u0107 zawsze pod r\u0119k\u0105, niezale\u017cnie od poziomu na\u0142adowania baterii komputera czy zasi\u0119gu internetu. Wyb\u00f3r odpowiedniego modelu ma du\u017ce znaczenie &#8211; nie tylko dla komfortu pracy, ale tak\u017ce dla wizerunku firmy. Specjalnie spersonalizowane kalendarze firmowe, zamawiane w drukarni, cz\u0119sto pe\u0142ni\u0105 rol\u0119 materia\u0142\u00f3w reklamowych, b\u0119d\u0105c profesjonaln\u0105 wizyt\u00f3wk\u0105 marki. Tr\u00f3jdzielne, biurkowe, ksi\u0105\u017ckowe &#8211; ka\u017cdy z nich ma swoje zalety i najlepiej sprawdzi si\u0119 w okre\u015blonych warunkach. Jak dopasowa\u0107 kalendarz do potrzeb firmy?<\/p>\n\n\n\n<h2 class=\"wp-block-heading\">Kalendarz tr\u00f3jdzielny \u2013 praktyczny wyb\u00f3r dla biur i klient\u00f3w<\/h2>\n\n\n\n<p>Kalendarz tr\u00f3jdzielny to jeden z najcz\u0119\u015bciej wybieranych modeli do biur i firm. Jego konstrukcja pozwala na jednoczesne \u015bledzenie trzech miesi\u0119cy \u2013 poprzedniego, bie\u017c\u0105cego i kolejnego. Dzi\u0119ki temu \u0142atwo sprawdzi\u0107 terminy bez konieczno\u015bci przeszukiwania stron czy przewracania kartek. Na \u015brodku cz\u0119sto umieszczone jest przesuwane okienko, kt\u00f3re wskazuje aktualn\u0105 dat\u0119.<\/p>\n\n\n\n<p>Du\u017cy format sprawia, \u017ce w kalendarzu tr\u00f3jdzielnym druk jest precyzyjny i dobrze widoczny nawet z wi\u0119kszej odleg\u0142o\u015bci. G\u00f3rna cz\u0119\u015b\u0107 kalendarza, cz\u0119sto zawiera grafik\u0119 firmow\u0105, co zwi\u0119ksza rozpoznawalno\u015b\u0107 marki. Ka\u017cda cz\u0119\u015b\u0107 sk\u0142ada si\u0119 z oddzielnych kart z wyra\u017anie oznaczonymi dniami tygodnia i \u015bwi\u0119tami.<\/p>\n\n\n\n<h3 class=\"wp-block-heading\">Dla jakich miejsc pracy?<\/h3>\n\n\n\n<ul class=\"wp-block-list\">\n<li>Biura, sekretariaty, recepcje \u2013 szybki dost\u0119p do informacji o datach u\u0142atwia planowanie i koordynacj\u0119 dzia\u0142a\u0144,<\/li>\n\n\n\n<li>gabinety lekarskie &#8211; u\u0142atwia umawianie wizyt,<\/li>\n\n\n\n<li>kancelarie prawne,<\/li>\n\n\n\n<li>firmy logistyczne &#8211; pomaga w zarz\u0105dzaniu dostawami, zam\u00f3wieniami i harmonogramami pracy.<\/li>\n<\/ul>\n\n\n\n<h3 class=\"wp-block-heading\">Na co zwr\u00f3ci\u0107 uwag\u0119 przy wyborze?<\/h3>\n\n\n\n<ul class=\"wp-block-list\">\n<li>Jako\u015b\u0107 papieru i druku kalendarzy tr\u00f3jdzielnych,<\/li>\n\n\n\n<li>trwa\u0142o\u015b\u0107 oprawy,<\/li>\n\n\n\n<li>rozmiar i uk\u0142ad \u2013 warto dopasowa\u0107 format do dost\u0119pnej przestrzeni oraz upewni\u0107 si\u0119, \u017ce uk\u0142ad b\u0119dzie wygodny w codziennym u\u017cytkowaniu.<\/li>\n<\/ul>\n\n\n\n<h2 class=\"wp-block-heading\">Kalendarz biurkowy \u2013 wygoda dla pracownik\u00f3w<\/h2>\n\n\n\n<p>Kalendarz biurkowy to kompaktowe rozwi\u0105zanie, kt\u00f3re zawsze znajduje si\u0119 pod r\u0119k\u0105. Jego konstrukcja najcz\u0119\u015bciej przypomina stojaczek w formie tr\u00f3jk\u0105ta, co pozwala na wygodne ustawienie na biurku. Uk\u0142ad mo\u017ce by\u0107 miesi\u0119czny lub tygodniowy, a niekt\u00f3re modele zawieraj\u0105 dodatkowe miejsce na notatki. Dzi\u0119ki niewielkim rozmiarom nie zajmuje du\u017co przestrzeni, a jednocze\u015bnie umo\u017cliwia szybkie sprawdzenie daty czy zaplanowanie spotka\u0144. Niekt\u00f3re wersje maj\u0105 spiralowane strony, co u\u0142atwia przewracanie kartek, inne wyst\u0119puj\u0105 w formie bloczk\u00f3w do odrywania. Niezale\u017cnie od konstrukcji, kalendarz biurkowy jest praktycznym dodatkiem na ka\u017cdym stanowisku pracy.<\/p>\n\n\n\n<h3 class=\"wp-block-heading\">Dla jakich miejsc pracy?<\/h3>\n\n\n\n<ul class=\"wp-block-list\">\n<li>Biura, open space, stanowiska administracyjne,<\/li>\n\n\n\n<li>punkty obs\u0142ugi klienta \u2013 pomocny przy planowaniu wizyt, rezerwacji czy koordynacji spotka\u0144,<\/li>\n\n\n\n<li>stanowiska recepcyjne i sekretariaty \u2013 u\u0142atwia zarz\u0105dzanie bie\u017c\u0105cymi obowi\u0105zkami i dost\u0119pno\u015bci\u0105 pracownik\u00f3w,<\/li>\n\n\n\n<li>pracownicy dzia\u0142\u00f3w sprzeda\u017cy i marketingu \u2013 pozwala na sprawne planowanie dzia\u0142a\u0144 bez konieczno\u015bci korzystania z dodatkowych narz\u0119dzi cyfrowych.<\/li>\n<\/ul>\n\n\n\n<h3 class=\"wp-block-heading\">Na co zwr\u00f3ci\u0107 uwag\u0119 przy wyborze?<\/h3>\n\n\n\n<ul class=\"wp-block-list\">\n<li>Czytelno\u015b\u0107,<\/li>\n\n\n\n<li>stabilno\u015b\u0107 podstawy,<\/li>\n\n\n\n<li>rozmiar &#8211; aby by\u0142 widoczny, ale nie zajmowa\u0142 zbyt du\u017co miejsca.<\/li>\n<\/ul>\n\n\n\n<h2 class=\"wp-block-heading\">Kalendarz ksi\u0105\u017ckowy \u2013 idealny dla mobilnych profesjonalist\u00f3w<\/h2>\n\n\n\n<p>Kalendarz ksi\u0105\u017ckowy to osobisty organizer, kt\u00f3ry pozwala na dok\u0142adne planowanie czasu. Najcz\u0119\u015bciej wyst\u0119puje w formacie zeszytowym, z tward\u0105 lub mi\u0119kk\u0105 opraw\u0105, mo\u017ce by\u0107 r\u00f3wnie\u017c spiralowany, a jego wn\u0119trze zawiera uk\u0142ad dzienny lub tygodniowy. Wiele modeli ma dodatkowe sekcje na notatki, listy zada\u0144 czy wa\u017cne kontakty. Dzi\u0119ki kompaktowej formie mo\u017cna go zawsze mie\u0107 przy sobie &#8211; w teczce, torbie czy plecaku. Jest niezast\u0105piony w podr\u00f3\u017cy, na spotkaniach i wsz\u0119dzie tam, gdzie liczy si\u0119 szybki dost\u0119p do zapisanych informacji.<\/p>\n\n\n\n<h3 class=\"wp-block-heading\">Dla jakich miejsc pracy?<\/h3>\n\n\n\n<ul class=\"wp-block-list\">\n<li>Managerowie, przedsi\u0119biorcy, handlowcy \u2013 pomaga w organizacji spotka\u0144, termin\u00f3w i codziennych obowi\u0105zk\u00f3w,<\/li>\n\n\n\n<li>osoby cz\u0119sto podr\u00f3\u017cuj\u0105ce \u2013 sprawdza si\u0119 jako osobisty planner niezale\u017cny od urz\u0105dze\u0144 elektronicznych,<\/li>\n\n\n\n<li>freelancerzy \u2013 u\u0142atwia prowadzenie notatek, harmonogram\u00f3w i listy zada\u0144 w jednym miejscu,<\/li>\n\n\n\n<li>firmy oferuj\u0105ce eleganckie upominki biznesowe \u2013 kalendarze ksi\u0105\u017ckowe s\u0105 cz\u0119sto wykorzystywane jako presti\u017cowy prezent dla kontrahent\u00f3w i klient\u00f3w.<\/li>\n<\/ul>\n\n\n\n<h3 class=\"wp-block-heading\">Na co zwr\u00f3ci\u0107 uwag\u0119 przy wyborze?<\/h3>\n\n\n\n<ul class=\"wp-block-list\">\n<li>Rodzaj oprawy &#8211; twarda lub mi\u0119kka,<\/li>\n\n\n\n<li>uk\u0142ad stron (od niego zale\u017cy, ile miejsca na notatki mo\u017ce mie\u0107 ka\u017cdy dzie\u0144),<\/li>\n\n\n\n<li>rozmiar.<\/li>\n<\/ul>\n\n\n\n<p>Wybieraj\u0105c kalendarz dla swojej firmy, warto dopasowa\u0107 go do specyfiki dzia\u0142alno\u015bci oraz potrzeb pracownik\u00f3w i klient\u00f3w. Wszystkie trzy modele mog\u0105 by\u0107 dostosowane pod wzgl\u0119dem wygl\u0105du i zawiera\u0107 elementy identyfikacji wizualnej firmy, co czyni je r\u00f3wnie\u017c skutecznym narz\u0119dziem marketingowym. Dobrze zaprojektowany i solidnie wykonany kalendarz firmowy z drukarni z do\u015bwiadczeniem i nowoczesnym sprz\u0119tem b\u0119dzie nie tylko pomocnym narz\u0119dziem organizacyjnym, ale tak\u017ce ca\u0142oroczn\u0105 reklam\u0105 marki.<\/p>\n","protected":false},"excerpt":{"rendered":"<p>Ka\u017cda firma potrzebuje sprawdzonego sposobu na organizacj\u0119 czasu. Spotkania, terminy realizacji, wa\u017cne wydarzenia \u2013 wszystko to trzeba mie\u0107 pod kontrol\u0105. [&hellip;]<\/p>\n","protected":false},"author":4,"featured_media":544,"comment_status":"open","ping_status":"open","sticky":false,"template":"","format":"standard","meta":{"site-sidebar-layout":"default","site-content-layout":"","ast-site-content-layout":"","site-content-style":"default","site-sidebar-style":"default","ast-global-header-display":"","ast-banner-title-visibility":"","ast-main-header-display":"","ast-hfb-above-header-display":"","ast-hfb-below-header-display":"","ast-hfb-mobile-header-display":"","site-post-title":"","ast-breadcrumbs-content":"","ast-featured-img":"","footer-sml-layout":"","theme-transparent-header-meta":"","adv-header-id-meta":"","stick-header-meta":"","header-above-stick-meta":"","header-main-stick-meta":"","header-below-stick-meta":"","astra-migrate-meta-layouts":"default","ast-page-background-enabled":"default","ast-page-background-meta":{"desktop":{"background-color":"var(--ast-global-color-4)","background-image":"","background-repeat":"repeat","background-position":"center center","background-size":"auto","background-attachment":"scroll","background-type":"","background-media":"","overlay-type":"","overlay-color":"","overlay-opacity":"","overlay-gradient":""},"tablet":{"background-color":"","background-image":"","background-repeat":"repeat","background-position":"center center","background-size":"auto","background-attachment":"scroll","background-type":"","background-media":"","overlay-type":"","overlay-color":"","overlay-opacity":"","overlay-gradient":""},"mobile":{"background-color":"","background-image":"","background-repeat":"repeat","background-position":"center center","background-size":"auto","background-attachment":"scroll","background-type":"","background-media":"","overlay-type":"","overlay-color":"","overlay-opacity":"","overlay-gradient":""}},"ast-content-background-meta":{"desktop":{"background-color":"var(--ast-global-color-5)","background-image":"","background-repeat":"repeat","background-position":"center center","background-size":"auto","background-attachment":"scroll","background-type":"","background-media":"","overlay-type":"","overlay-color":"","overlay-opacity":"","overlay-gradient":""},"tablet":{"background-color":"var(--ast-global-color-5)","background-image":"","background-repeat":"repeat","background-position":"center center","background-size":"auto","background-attachment":"scroll","background-type":"","background-media":"","overlay-type":"","overlay-color":"","overlay-opacity":"","overlay-gradient":""},"mobile":{"background-color":"var(--ast-global-color-5)","background-image":"","background-repeat":"repeat","background-position":"center center","background-size":"auto","background-attachment":"scroll","background-type":"","background-media":"","overlay-type":"","overlay-color":"","overlay-opacity":"","overlay-gradient":""}},"footnotes":""},"categories":[1],"tags":[],"class_list":["post-543","post","type-post","status-publish","format-standard","has-post-thumbnail","hentry","category-bez-kategorii"],"yoast_head":"<!-- This site is optimized with the Yoast SEO plugin v23.2 - https:\/\/yoast.com\/wordpress\/plugins\/seo\/ -->\n<title>Jaki rodzaj kalendarza wybra\u0107 dla swojej firmy? | evja.pl<\/title>\n<meta name=\"description\" content=\"Wszystkie rodzaje kalendarzy maj\u0105 swoje zalety, i ka\u017cdy najlepiej sprawdzi si\u0119 w okre\u015blonych warunkach. Podpowiemy, jak wybra\u0107 najlepszy do miejsca pracy.\" \/>\n<meta name=\"robots\" content=\"index, follow, max-snippet:-1, max-image-preview:large, max-video-preview:-1\" \/>\n<link rel=\"canonical\" href=\"https:\/\/evja.pl\/index.php\/2025\/03\/14\/kalendarze-trojdzielne-biurkowe-ksiazkowe\/\" \/>\n<meta property=\"og:locale\" content=\"pl_PL\" \/>\n<meta property=\"og:type\" content=\"article\" \/>\n<meta property=\"og:title\" content=\"Jaki rodzaj kalendarza wybra\u0107 dla swojej firmy? | evja.pl\" \/>\n<meta property=\"og:description\" content=\"Wszystkie rodzaje kalendarzy maj\u0105 swoje zalety, i ka\u017cdy najlepiej sprawdzi si\u0119 w okre\u015blonych warunkach. Podpowiemy, jak wybra\u0107 najlepszy do miejsca pracy.\" \/>\n<meta property=\"og:url\" content=\"https:\/\/evja.pl\/index.php\/2025\/03\/14\/kalendarze-trojdzielne-biurkowe-ksiazkowe\/\" \/>\n<meta property=\"og:site_name\" content=\"EVJA\" \/>\n<meta property=\"article:published_time\" content=\"2025-03-14T07:36:56+00:00\" \/>\n<meta property=\"article:modified_time\" content=\"2025-03-14T07:41:17+00:00\" \/>\n<meta property=\"og:image\" content=\"https:\/\/evja.pl\/wp-content\/uploads\/2025\/03\/kalendarz.webp\" \/>\n\t<meta property=\"og:image:width\" content=\"1920\" \/>\n\t<meta property=\"og:image:height\" content=\"1280\" \/>\n\t<meta property=\"og:image:type\" content=\"image\/webp\" \/>\n<meta name=\"author\" content=\"evja strona\" \/>\n<meta name=\"twitter:card\" content=\"summary_large_image\" \/>\n<meta name=\"twitter:label1\" content=\"Napisane przez\" \/>\n\t<meta name=\"twitter:data1\" content=\"evja strona\" \/>\n\t<meta name=\"twitter:label2\" content=\"Szacowany czas czytania\" \/>\n\t<meta name=\"twitter:data2\" content=\"5 minut\" \/>\n<script type=\"application\/ld+json\" class=\"yoast-schema-graph\">{\"@context\":\"https:\/\/schema.org\",\"@graph\":[{\"@type\":\"Article\",\"@id\":\"https:\/\/evja.pl\/index.php\/2025\/03\/14\/kalendarze-trojdzielne-biurkowe-ksiazkowe\/#article\",\"isPartOf\":{\"@id\":\"https:\/\/evja.pl\/index.php\/2025\/03\/14\/kalendarze-trojdzielne-biurkowe-ksiazkowe\/\"},\"author\":{\"name\":\"evja strona\",\"@id\":\"https:\/\/evja.pl\/#\/schema\/person\/51452e14cf1431bb56c10236502c9514\"},\"headline\":\"Kalendarze tr\u00f3jdzielne, biurkowe czy ksi\u0105\u017ckowe \u2013 jaki rodzaj kalendarza wybra\u0107 dla swojej firmy?\",\"datePublished\":\"2025-03-14T07:36:56+00:00\",\"dateModified\":\"2025-03-14T07:41:17+00:00\",\"mainEntityOfPage\":{\"@id\":\"https:\/\/evja.pl\/index.php\/2025\/03\/14\/kalendarze-trojdzielne-biurkowe-ksiazkowe\/\"},\"wordCount\":814,\"commentCount\":0,\"publisher\":{\"@id\":\"https:\/\/evja.pl\/#organization\"},\"image\":{\"@id\":\"https:\/\/evja.pl\/index.php\/2025\/03\/14\/kalendarze-trojdzielne-biurkowe-ksiazkowe\/#primaryimage\"},\"thumbnailUrl\":\"https:\/\/evja.pl\/wp-content\/uploads\/2025\/03\/kalendarz.webp\",\"inLanguage\":\"pl-PL\",\"potentialAction\":[{\"@type\":\"CommentAction\",\"name\":\"Comment\",\"target\":[\"https:\/\/evja.pl\/index.php\/2025\/03\/14\/kalendarze-trojdzielne-biurkowe-ksiazkowe\/#respond\"]}]},{\"@type\":\"WebPage\",\"@id\":\"https:\/\/evja.pl\/index.php\/2025\/03\/14\/kalendarze-trojdzielne-biurkowe-ksiazkowe\/\",\"url\":\"https:\/\/evja.pl\/index.php\/2025\/03\/14\/kalendarze-trojdzielne-biurkowe-ksiazkowe\/\",\"name\":\"Jaki rodzaj kalendarza wybra\u0107 dla swojej firmy? | evja.pl\",\"isPartOf\":{\"@id\":\"https:\/\/evja.pl\/#website\"},\"primaryImageOfPage\":{\"@id\":\"https:\/\/evja.pl\/index.php\/2025\/03\/14\/kalendarze-trojdzielne-biurkowe-ksiazkowe\/#primaryimage\"},\"image\":{\"@id\":\"https:\/\/evja.pl\/index.php\/2025\/03\/14\/kalendarze-trojdzielne-biurkowe-ksiazkowe\/#primaryimage\"},\"thumbnailUrl\":\"https:\/\/evja.pl\/wp-content\/uploads\/2025\/03\/kalendarz.webp\",\"datePublished\":\"2025-03-14T07:36:56+00:00\",\"dateModified\":\"2025-03-14T07:41:17+00:00\",\"description\":\"Wszystkie rodzaje kalendarzy maj\u0105 swoje zalety, i ka\u017cdy najlepiej sprawdzi si\u0119 w okre\u015blonych warunkach. Podpowiemy, jak wybra\u0107 najlepszy do miejsca pracy.\",\"breadcrumb\":{\"@id\":\"https:\/\/evja.pl\/index.php\/2025\/03\/14\/kalendarze-trojdzielne-biurkowe-ksiazkowe\/#breadcrumb\"},\"inLanguage\":\"pl-PL\",\"potentialAction\":[{\"@type\":\"ReadAction\",\"target\":[\"https:\/\/evja.pl\/index.php\/2025\/03\/14\/kalendarze-trojdzielne-biurkowe-ksiazkowe\/\"]}]},{\"@type\":\"ImageObject\",\"inLanguage\":\"pl-PL\",\"@id\":\"https:\/\/evja.pl\/index.php\/2025\/03\/14\/kalendarze-trojdzielne-biurkowe-ksiazkowe\/#primaryimage\",\"url\":\"https:\/\/evja.pl\/wp-content\/uploads\/2025\/03\/kalendarz.webp\",\"contentUrl\":\"https:\/\/evja.pl\/wp-content\/uploads\/2025\/03\/kalendarz.webp\",\"width\":1920,\"height\":1280},{\"@type\":\"BreadcrumbList\",\"@id\":\"https:\/\/evja.pl\/index.php\/2025\/03\/14\/kalendarze-trojdzielne-biurkowe-ksiazkowe\/#breadcrumb\",\"itemListElement\":[{\"@type\":\"ListItem\",\"position\":1,\"name\":\"Strona g\u0142\u00f3wna\",\"item\":\"https:\/\/evja.pl\/\"},{\"@type\":\"ListItem\",\"position\":2,\"name\":\"Kalendarze tr\u00f3jdzielne, biurkowe czy ksi\u0105\u017ckowe \u2013 jaki rodzaj kalendarza wybra\u0107 dla swojej firmy?\"}]},{\"@type\":\"WebSite\",\"@id\":\"https:\/\/evja.pl\/#website\",\"url\":\"https:\/\/evja.pl\/\",\"name\":\"EVJA\",\"description\":\"\",\"publisher\":{\"@id\":\"https:\/\/evja.pl\/#organization\"},\"potentialAction\":[{\"@type\":\"SearchAction\",\"target\":{\"@type\":\"EntryPoint\",\"urlTemplate\":\"https:\/\/evja.pl\/?s={search_term_string}\"},\"query-input\":\"required name=search_term_string\"}],\"inLanguage\":\"pl-PL\"},{\"@type\":\"Organization\",\"@id\":\"https:\/\/evja.pl\/#organization\",\"name\":\"EVJA\",\"url\":\"https:\/\/evja.pl\/\",\"logo\":{\"@type\":\"ImageObject\",\"inLanguage\":\"pl-PL\",\"@id\":\"https:\/\/evja.pl\/#\/schema\/logo\/image\/\",\"url\":\"https:\/\/evja.pl\/wp-content\/uploads\/2022\/02\/cropped-cropped-evjalogomail-1.png\",\"contentUrl\":\"https:\/\/evja.pl\/wp-content\/uploads\/2022\/02\/cropped-cropped-evjalogomail-1.png\",\"width\":81,\"height\":85,\"caption\":\"EVJA\"},\"image\":{\"@id\":\"https:\/\/evja.pl\/#\/schema\/logo\/image\/\"}},{\"@type\":\"Person\",\"@id\":\"https:\/\/evja.pl\/#\/schema\/person\/51452e14cf1431bb56c10236502c9514\",\"name\":\"evja strona\",\"image\":{\"@type\":\"ImageObject\",\"inLanguage\":\"pl-PL\",\"@id\":\"https:\/\/evja.pl\/#\/schema\/person\/image\/\",\"url\":\"https:\/\/secure.gravatar.com\/avatar\/00ae25da8cd7ccd548046f5c5d19d6a28722fa57004441b5d2474896e548f8d8?s=96&d=mm&r=g\",\"contentUrl\":\"https:\/\/secure.gravatar.com\/avatar\/00ae25da8cd7ccd548046f5c5d19d6a28722fa57004441b5d2474896e548f8d8?s=96&d=mm&r=g\",\"caption\":\"evja strona\"},\"url\":\"https:\/\/evja.pl\/index.php\/author\/evjastrona\/\"}]}<\/script>\n<!-- \/ Yoast SEO plugin. -->","yoast_head_json":{"title":"Jaki rodzaj kalendarza wybra\u0107 dla swojej firmy? | evja.pl","description":"Wszystkie rodzaje kalendarzy maj\u0105 swoje zalety, i ka\u017cdy najlepiej sprawdzi si\u0119 w okre\u015blonych warunkach. Podpowiemy, jak wybra\u0107 najlepszy do miejsca pracy.","robots":{"index":"index","follow":"follow","max-snippet":"max-snippet:-1","max-image-preview":"max-image-preview:large","max-video-preview":"max-video-preview:-1"},"canonical":"https:\/\/evja.pl\/index.php\/2025\/03\/14\/kalendarze-trojdzielne-biurkowe-ksiazkowe\/","og_locale":"pl_PL","og_type":"article","og_title":"Jaki rodzaj kalendarza wybra\u0107 dla swojej firmy? | evja.pl","og_description":"Wszystkie rodzaje kalendarzy maj\u0105 swoje zalety, i ka\u017cdy najlepiej sprawdzi si\u0119 w okre\u015blonych warunkach. Podpowiemy, jak wybra\u0107 najlepszy do miejsca pracy.","og_url":"https:\/\/evja.pl\/index.php\/2025\/03\/14\/kalendarze-trojdzielne-biurkowe-ksiazkowe\/","og_site_name":"EVJA","article_published_time":"2025-03-14T07:36:56+00:00","article_modified_time":"2025-03-14T07:41:17+00:00","og_image":[{"width":1920,"height":1280,"url":"https:\/\/evja.pl\/wp-content\/uploads\/2025\/03\/kalendarz.webp","type":"image\/webp"}],"author":"evja strona","twitter_card":"summary_large_image","twitter_misc":{"Napisane przez":"evja strona","Szacowany czas czytania":"5 minut"},"schema":{"@context":"https:\/\/schema.org","@graph":[{"@type":"Article","@id":"https:\/\/evja.pl\/index.php\/2025\/03\/14\/kalendarze-trojdzielne-biurkowe-ksiazkowe\/#article","isPartOf":{"@id":"https:\/\/evja.pl\/index.php\/2025\/03\/14\/kalendarze-trojdzielne-biurkowe-ksiazkowe\/"},"author":{"name":"evja strona","@id":"https:\/\/evja.pl\/#\/schema\/person\/51452e14cf1431bb56c10236502c9514"},"headline":"Kalendarze tr\u00f3jdzielne, biurkowe czy ksi\u0105\u017ckowe \u2013 jaki rodzaj kalendarza wybra\u0107 dla swojej firmy?","datePublished":"2025-03-14T07:36:56+00:00","dateModified":"2025-03-14T07:41:17+00:00","mainEntityOfPage":{"@id":"https:\/\/evja.pl\/index.php\/2025\/03\/14\/kalendarze-trojdzielne-biurkowe-ksiazkowe\/"},"wordCount":814,"commentCount":0,"publisher":{"@id":"https:\/\/evja.pl\/#organization"},"image":{"@id":"https:\/\/evja.pl\/index.php\/2025\/03\/14\/kalendarze-trojdzielne-biurkowe-ksiazkowe\/#primaryimage"},"thumbnailUrl":"https:\/\/evja.pl\/wp-content\/uploads\/2025\/03\/kalendarz.webp","inLanguage":"pl-PL","potentialAction":[{"@type":"CommentAction","name":"Comment","target":["https:\/\/evja.pl\/index.php\/2025\/03\/14\/kalendarze-trojdzielne-biurkowe-ksiazkowe\/#respond"]}]},{"@type":"WebPage","@id":"https:\/\/evja.pl\/index.php\/2025\/03\/14\/kalendarze-trojdzielne-biurkowe-ksiazkowe\/","url":"https:\/\/evja.pl\/index.php\/2025\/03\/14\/kalendarze-trojdzielne-biurkowe-ksiazkowe\/","name":"Jaki rodzaj kalendarza wybra\u0107 dla swojej firmy? | evja.pl","isPartOf":{"@id":"https:\/\/evja.pl\/#website"},"primaryImageOfPage":{"@id":"https:\/\/evja.pl\/index.php\/2025\/03\/14\/kalendarze-trojdzielne-biurkowe-ksiazkowe\/#primaryimage"},"image":{"@id":"https:\/\/evja.pl\/index.php\/2025\/03\/14\/kalendarze-trojdzielne-biurkowe-ksiazkowe\/#primaryimage"},"thumbnailUrl":"https:\/\/evja.pl\/wp-content\/uploads\/2025\/03\/kalendarz.webp","datePublished":"2025-03-14T07:36:56+00:00","dateModified":"2025-03-14T07:41:17+00:00","description":"Wszystkie rodzaje kalendarzy maj\u0105 swoje zalety, i ka\u017cdy najlepiej sprawdzi si\u0119 w okre\u015blonych warunkach. Podpowiemy, jak wybra\u0107 najlepszy do miejsca pracy.","breadcrumb":{"@id":"https:\/\/evja.pl\/index.php\/2025\/03\/14\/kalendarze-trojdzielne-biurkowe-ksiazkowe\/#breadcrumb"},"inLanguage":"pl-PL","potentialAction":[{"@type":"ReadAction","target":["https:\/\/evja.pl\/index.php\/2025\/03\/14\/kalendarze-trojdzielne-biurkowe-ksiazkowe\/"]}]},{"@type":"ImageObject","inLanguage":"pl-PL","@id":"https:\/\/evja.pl\/index.php\/2025\/03\/14\/kalendarze-trojdzielne-biurkowe-ksiazkowe\/#primaryimage","url":"https:\/\/evja.pl\/wp-content\/uploads\/2025\/03\/kalendarz.webp","contentUrl":"https:\/\/evja.pl\/wp-content\/uploads\/2025\/03\/kalendarz.webp","width":1920,"height":1280},{"@type":"BreadcrumbList","@id":"https:\/\/evja.pl\/index.php\/2025\/03\/14\/kalendarze-trojdzielne-biurkowe-ksiazkowe\/#breadcrumb","itemListElement":[{"@type":"ListItem","position":1,"name":"Strona g\u0142\u00f3wna","item":"https:\/\/evja.pl\/"},{"@type":"ListItem","position":2,"name":"Kalendarze tr\u00f3jdzielne, biurkowe czy ksi\u0105\u017ckowe \u2013 jaki rodzaj kalendarza wybra\u0107 dla swojej firmy?"}]},{"@type":"WebSite","@id":"https:\/\/evja.pl\/#website","url":"https:\/\/evja.pl\/","name":"EVJA","description":"","publisher":{"@id":"https:\/\/evja.pl\/#organization"},"potentialAction":[{"@type":"SearchAction","target":{"@type":"EntryPoint","urlTemplate":"https:\/\/evja.pl\/?s={search_term_string}"},"query-input":"required name=search_term_string"}],"inLanguage":"pl-PL"},{"@type":"Organization","@id":"https:\/\/evja.pl\/#organization","name":"EVJA","url":"https:\/\/evja.pl\/","logo":{"@type":"ImageObject","inLanguage":"pl-PL","@id":"https:\/\/evja.pl\/#\/schema\/logo\/image\/","url":"https:\/\/evja.pl\/wp-content\/uploads\/2022\/02\/cropped-cropped-evjalogomail-1.png","contentUrl":"https:\/\/evja.pl\/wp-content\/uploads\/2022\/02\/cropped-cropped-evjalogomail-1.png","width":81,"height":85,"caption":"EVJA"},"image":{"@id":"https:\/\/evja.pl\/#\/schema\/logo\/image\/"}},{"@type":"Person","@id":"https:\/\/evja.pl\/#\/schema\/person\/51452e14cf1431bb56c10236502c9514","name":"evja strona","image":{"@type":"ImageObject","inLanguage":"pl-PL","@id":"https:\/\/evja.pl\/#\/schema\/person\/image\/","url":"https:\/\/secure.gravatar.com\/avatar\/00ae25da8cd7ccd548046f5c5d19d6a28722fa57004441b5d2474896e548f8d8?s=96&d=mm&r=g","contentUrl":"https:\/\/secure.gravatar.com\/avatar\/00ae25da8cd7ccd548046f5c5d19d6a28722fa57004441b5d2474896e548f8d8?s=96&d=mm&r=g","caption":"evja strona"},"url":"https:\/\/evja.pl\/index.php\/author\/evjastrona\/"}]}},"_links":{"self":[{"href":"https:\/\/evja.pl\/index.php\/wp-json\/wp\/v2\/posts\/543","targetHints":{"allow":["GET"]}}],"collection":[{"href":"https:\/\/evja.pl\/index.php\/wp-json\/wp\/v2\/posts"}],"about":[{"href":"https:\/\/evja.pl\/index.php\/wp-json\/wp\/v2\/types\/post"}],"author":[{"embeddable":true,"href":"https:\/\/evja.pl\/index.php\/wp-json\/wp\/v2\/users\/4"}],"replies":[{"embeddable":true,"href":"https:\/\/evja.pl\/index.php\/wp-json\/wp\/v2\/comments?post=543"}],"version-history":[{"count":1,"href":"https:\/\/evja.pl\/index.php\/wp-json\/wp\/v2\/posts\/543\/revisions"}],"predecessor-version":[{"id":545,"href":"https:\/\/evja.pl\/index.php\/wp-json\/wp\/v2\/posts\/543\/revisions\/545"}],"wp:featuredmedia":[{"embeddable":true,"href":"https:\/\/evja.pl\/index.php\/wp-json\/wp\/v2\/media\/544"}],"wp:attachment":[{"href":"https:\/\/evja.pl\/index.php\/wp-json\/wp\/v2\/media?parent=543"}],"wp:term":[{"taxonomy":"category","embeddable":true,"href":"https:\/\/evja.pl\/index.php\/wp-json\/wp\/v2\/categories?post=543"},{"taxonomy":"post_tag","embeddable":true,"href":"https:\/\/evja.pl\/index.php\/wp-json\/wp\/v2\/tags?post=543"}],"curies":[{"name":"wp","href":"https:\/\/api.w.org\/{rel}","templated":true}]}}