{"id":570,"date":"2025-09-02T20:35:11","date_gmt":"2025-09-02T18:35:11","guid":{"rendered":"https:\/\/evja.pl\/?p=570"},"modified":"2025-09-02T20:35:27","modified_gmt":"2025-09-02T18:35:27","slug":"kalendarz-firmowy-jak-go-zaprojektowac","status":"publish","type":"post","link":"https:\/\/evja.pl\/index.php\/2025\/09\/02\/kalendarz-firmowy-jak-go-zaprojektowac\/","title":{"rendered":"Kalendarz firmowy \u2013 jak go zaprojektowa\u0107?"},"content":{"rendered":"\n<figure class=\"wp-block-image aligncenter size-full\"><img fetchpriority=\"high\" decoding=\"async\" width=\"640\" height=\"427\" src=\"https:\/\/evja.pl\/wp-content\/uploads\/2024\/08\/cmyk-617209_640.jpg\" alt=\"introligatornia\" class=\"wp-image-404\" srcset=\"https:\/\/evja.pl\/wp-content\/uploads\/2024\/08\/cmyk-617209_640.jpg 640w, https:\/\/evja.pl\/wp-content\/uploads\/2024\/08\/cmyk-617209_640-300x200.jpg 300w\" sizes=\"(max-width: 640px) 100vw, 640px\" \/><\/figure>\n\n\n\n<p>Kalendarze firmowe to nie tylko narz\u0119dzie do organizacji czasu, ale tak\u017ce doskona\u0142y spos\u00f3b na promocj\u0119 przedsi\u0119biorstwa przez ca\u0142y rok. Dobrze zaprojektowany terminarz pe\u0142ni rol\u0119 wizyt\u00f3wki, przypominaj\u0105c klientom o istnieniu instytucji, jej us\u0142ugach oraz warto\u015bciowych kontaktach. Projektuj\u0105c kalendarze firmowe w drukarni, warto uwzgl\u0119dni\u0107 elementy wyr\u00f3\u017cniaj\u0105ce je na tle konkurencji, takie jak logo, dane kontaktowe czy ciekawe grafiki. Taki produkt, odpowiednio zaprezentowany, mo\u017ce by\u0107 skutecznym elementem marketingowym, pozostaj\u0105c w pami\u0119ci przez 12 miesi\u0119cy.<\/p>\n\n\n\n<h2 class=\"wp-block-heading\">Jakie elementy powinny znale\u017a\u0107 si\u0119 w kalendarzu firmowym?<\/h2>\n\n\n\n<p>Projektowanie kalendarza firmowego wymaga uwzgl\u0119dnienia kilku wa\u017cnych element\u00f3w sprawiaj\u0105cych, \u017ce stanie si\u0119 on nie tylko funkcjonalny, ale tak\u017ce atrakcyjny wizualnie. Przede wszystkim nale\u017cy umie\u015bci\u0107 logo firmy oraz dane kontaktowe \u2013 numer telefonu, adres e-mail i stron\u0119 internetow\u0105. Te informacje musz\u0105 by\u0107 widoczne i \u0142atwe do odnalezienia, poniewa\u017c terminarz jest cz\u0119sto traktowany jako praktyczna wizyt\u00f3wka. Ponadto warto zadba\u0107 o odpowiedni\u0105 przestrze\u0144 na zaznaczanie wa\u017cnych wydarze\u0144 firmowych, spotka\u0144 czy promocji, aby u\u017cytkownicy mogli \u0142atwo planowa\u0107 swoje dzia\u0142ania. Dobrze jest tak\u017ce doda\u0107 elementy graficzne, takie jak zdj\u0119cia produkt\u00f3w, inspiruj\u0105ce has\u0142a czy ilustracje, kt\u00f3re b\u0119d\u0105 w zgodzie z wizerunkiem firmy. Projektuj\u0105c kalendarze firmowe przez drukarni\u0119, nale\u017cy r\u00f3wnie\u017c pomy\u015ble\u0107 o ich funkcjonalno\u015bci, zapewniaj\u0105c odpowiedni\u0105 ilo\u015b\u0107 miejsca na notatki.<\/p>\n\n\n\n<h2 class=\"wp-block-heading\">Jakie formaty kalendarzy firmowych warto wybra\u0107 w drukarni?<\/h2>\n\n\n\n<p>Wyb\u00f3r formatu kalendarzy ma du\u017cy wp\u0142yw na ich praktyczno\u015b\u0107 i spos\u00f3b prezentacji. Mog\u0105 one wyst\u0119powa\u0107 w r\u00f3\u017cnych wersjach, w zale\u017cno\u015bci od tego, jak i gdzie b\u0119d\u0105 wykorzystywane. Wersje biurkowe to dobra opcja, gdy u\u017cytkownikom zale\u017cy na przeno\u015bnym narz\u0119dziu, kt\u00f3re b\u0119dzie towarzyszy\u0107 pracownikom czy klientom przez ca\u0142y rok. Z kolei \u015bcienne to klasyka, idealna do biur, gdzie stanowi\u0105 cz\u0119\u015b\u0107 wystroju wn\u0119trz. Wyb\u00f3r mi\u0119dzy tymi opcjami zale\u017cy od przestrzeni, jak\u0105 dysponujemy, oraz od tego, jak chcemy, aby kalendarz by\u0142 u\u017cywany. Je\u015bli firma chce, aby kalendarz by\u0142 widoczny w przestrzeni biurowej i stanowi\u0142 element dekoracyjny, warto postawi\u0107 na wi\u0119kszy format. Dobrze zaprojektowany produkt w drukarni zapewni odpowiedni\u0105 jako\u015b\u0107 i praktyczno\u015b\u0107, niezale\u017cnie od formatu.<\/p>\n\n\n\n<div class=\"wp-block-columns is-layout-flex wp-container-core-columns-is-layout-28f84493 wp-block-columns-is-layout-flex\">\n<div class=\"wp-block-column is-layout-flow wp-block-column-is-layout-flow\">\n<figure class=\"wp-block-image size-full\"><img decoding=\"async\" width=\"616\" height=\"640\" src=\"https:\/\/evja.pl\/wp-content\/uploads\/2024\/08\/printer-1373258_640.jpg\" alt=\"kalendarze firmowe drukarnia\n\" class=\"wp-image-422\" srcset=\"https:\/\/evja.pl\/wp-content\/uploads\/2024\/08\/printer-1373258_640.jpg 616w, https:\/\/evja.pl\/wp-content\/uploads\/2024\/08\/printer-1373258_640-289x300.jpg 289w\" sizes=\"(max-width: 616px) 100vw, 616px\" \/><\/figure>\n<\/div>\n\n\n\n<div class=\"wp-block-column is-layout-flow wp-block-column-is-layout-flow\">\n<figure class=\"wp-block-image size-full\"><img decoding=\"async\" width=\"1024\" height=\"1024\" src=\"https:\/\/evja.pl\/wp-content\/uploads\/2024\/02\/4dc00bcf-0646-4133-88c9-a1a22aaa6bec.jpg\" alt=\"kalendarze firmowe drukarnia\" class=\"wp-image-193\" srcset=\"https:\/\/evja.pl\/wp-content\/uploads\/2024\/02\/4dc00bcf-0646-4133-88c9-a1a22aaa6bec.jpg 1024w, https:\/\/evja.pl\/wp-content\/uploads\/2024\/02\/4dc00bcf-0646-4133-88c9-a1a22aaa6bec-300x300.jpg 300w, https:\/\/evja.pl\/wp-content\/uploads\/2024\/02\/4dc00bcf-0646-4133-88c9-a1a22aaa6bec-150x150.jpg 150w, https:\/\/evja.pl\/wp-content\/uploads\/2024\/02\/4dc00bcf-0646-4133-88c9-a1a22aaa6bec-768x768.jpg 768w\" sizes=\"(max-width: 1024px) 100vw, 1024px\" \/><\/figure>\n<\/div>\n<\/div>\n\n\n\n<h2 class=\"wp-block-heading\">Jakie kolory i grafika najlepiej pasuj\u0105 do kalendarzy firmowych?<\/h2>\n\n\n\n<p>Wyb\u00f3r kolor\u00f3w i grafiki do kalendarzy firmowych powinien by\u0107 sp\u00f3jny z identyfikacj\u0105 wizualn\u0105 firmy, aby kalendarz stanowi\u0142 element rozpoznawalny i buduj\u0105cy sp\u00f3jny wizerunek. Kolory u\u017cyte w projekcie powinny odpowiada\u0107 palecie barw firmy \u2013 je\u015bli firma ma okre\u015blon\u0105 kolorystyk\u0119, warto j\u0105 zastosowa\u0107, aby terminarz by\u0142 \u0142atwo kojarzony z mark\u0105. Dobrze dobrana grafika, czy to zdj\u0119cia produkt\u00f3w, zdj\u0119cia z wydarze\u0144 firmowych, czy inspiruj\u0105ce ilustracje, mo\u017ce wzbogaci\u0107 projekt, ale nie powinny przyt\u0142acza\u0107 tre\u015bci. Kalendarze firmowe w drukarni powinny by\u0107 opracowane w taki spos\u00f3b, aby grafika i teksty by\u0142y dobrze widoczne, a produkt pe\u0142ni\u0142 swoj\u0105 rol\u0119 praktyczn\u0105, nie trac\u0105c przy tym na estetyce. Wa\u017cne jest, by pami\u0119ta\u0107 o umiarze \u2013 zbyt intensywne kolory lub z\u0142o\u017cone grafiki mog\u0105 rozprasza\u0107, zamiast przyci\u0105ga\u0107 uwag\u0119.<\/p>\n\n\n\n<h2 class=\"wp-block-heading\">Jak przygotowa\u0107 plik do druku?<\/h2>\n\n\n\n<p>Przygotowanie pliku do druku to fundamentalny etap w tworzeniu kalendarzy firmowych. Aby unikn\u0105\u0107 problem\u00f3w podczas produkcji, nale\u017cy zadba\u0107 o kilka istotnych kwestii. Przede wszystkim plik musi mie\u0107 odpowiedni\u0105 rozdzielczo\u015b\u0107, aby zapewni\u0107 wyra\u017ane, ostre obrazy. Kolejnym krokiem jest ustawienie odpowiedniego formatu pliku, najlepiej PDF lub TIFF, kt\u00f3re s\u0105 standardami w drukarni. Istotne jest r\u00f3wnie\u017c dodanie spad\u00f3w (bleed) \u2013 przestrzeni poza kraw\u0119dziami projektu, kt\u00f3re zapobiegaj\u0105 niepo\u017c\u0105danym bia\u0142ym marginesom po przyci\u0119ciu. Przed wys\u0142aniem pliku do drukarni warto upewni\u0107 si\u0119, \u017ce wszystkie elementy graficzne i tekstowe s\u0105 poprawnie rozmieszczone, a kolory s\u0105 ustawione w trybie CMYK, by unikn\u0105\u0107 r\u00f3\u017cnic mi\u0119dzy tym, co widzimy na ekranie a tym, co zostanie wydrukowane.<\/p>\n\n\n\n<h2 class=\"wp-block-heading\">Wyb\u00f3r odpowiedniego papieru i materia\u0142\u00f3w<\/h2>\n\n\n\n<p>Dob\u00f3r papieru do kalendarzy firmowych ma ogromne znaczenie zar\u00f3wno dla ich trwa\u0142o\u015bci, jak i estetyki. Warto zwr\u00f3ci\u0107 uwag\u0119 na gramatur\u0119 papieru \u2013 dla kalendarzy \u015bciennych najlepiej sprawdzaj\u0105 si\u0119 papiery o wy\u017cszej gramaturze, zapewniaj\u0105ce stabilno\u015b\u0107 i trwa\u0142o\u015b\u0107. W przypadku wersji biurkowych warto postawi\u0107 na l\u017cejszy papier, kt\u00f3ry b\u0119dzie \u0142atwiejszy do przewracania. Ponadto, nale\u017cy rozwa\u017cy\u0107 wyb\u00f3r mi\u0119dzy papierem matowym a b\u0142yszcz\u0105cym. Matowy daje subteln\u0105 elegancj\u0119 i jest mniej podatny na odciski palc\u00f3w, podczas gdy b\u0142yszcz\u0105cy mo\u017ce intensyfikowa\u0107 kolory i nadaje kalendarzowi wyrazisto\u015bci. Kalendarze firmowe w drukarni mog\u0105 by\u0107 tak\u017ce wydrukowane na papierze ekologicznym r\u00f3wnie\u017c z certyfikatem FSC, je\u015bli firma stawia na zr\u00f3wnowa\u017cony rozw\u00f3j i dba\u0142o\u015b\u0107 o \u015brodowisko. Dodatkowo, warto rozwa\u017cy\u0107 u\u017cycie specjalnych materia\u0142\u00f3w, takich jak metalowe zawieszki czy kalendarze magnetyczne, kt\u00f3re podnosz\u0105 warto\u015b\u0107 praktyczn\u0105 i estetyczn\u0105 kalendarza.<\/p>\n\n\n\n<h2 class=\"wp-block-heading\">Dlaczego warto zleci\u0107 projektowanie i druk kalendarza profesjonalnej drukarni?<\/h2>\n\n\n\n<p>Decyzja o zleceniu projektu i druku kalendarzy firmowych profesjonalnej drukarni mo\u017ce znacznie wp\u0142yn\u0105\u0107 na jako\u015b\u0107 finalnego produktu. Do\u015bwiadczeni specjali\u015bci zadbaj\u0105 o ka\u017cdy detal, zapewniaj\u0105c optymalizacj\u0119 procesu projektowego oraz najwy\u017csz\u0105 jako\u015b\u0107 druku. Wsp\u00f3\u0142praca z drukarni\u0105 gwarantuje, \u017ce wszystkie elementy b\u0119d\u0105 odpowiednio dopasowane, a kolorystyka zgodna z oczekiwaniami. Dodatkowo, profesjonalne firmy oferuj\u0105 pomoc w doborze papieru i innych materia\u0142\u00f3w, a to pozwala na stworzenie produktu idealnie dopasowanego do potrzeb firmy. Zlecenie produkcji kalendarzy w drukarni pozwala zaoszcz\u0119dzi\u0107 czas i unikn\u0105\u0107 b\u0142\u0119d\u00f3w, kt\u00f3re mog\u0142yby pojawi\u0107 si\u0119 przy samodzielnym przygotowywaniu druku.<\/p>\n\n\n\n<h2 class=\"wp-block-heading\">Najwa\u017cniejsze wskaz\u00f3wki przy projektowaniu kalendarza firmowego<\/h2>\n\n\n\n<p>Projektowanie kalendarzy firmowych w drukarni to proces \u0142\u0105cz\u0105cy u\u017cyteczno\u015b\u0107 z kreatywno\u015bci\u0105. Warto zadba\u0107 o odpowiedni dob\u00f3r formatu, kolor\u00f3w oraz materia\u0142\u00f3w, by kalendarz nie tylko pe\u0142ni\u0142 rol\u0119 praktycznego narz\u0119dzia, ale r\u00f3wnie\u017c skutecznie promowa\u0142 firm\u0119 przez ca\u0142y rok. Skorzystanie z us\u0142ug profesjonalnej drukarni zapewnia wysok\u0105 jako\u015b\u0107 druku, precyzyjne odwzorowanie kolor\u00f3w oraz pe\u0142n\u0105 zgodno\u015b\u0107 z oczekiwaniami. Pami\u0119taj\u0105c o wszystkich etapach przygotowania, mo\u017cna stworzy\u0107 kalendarz, kt\u00f3ry b\u0119dzie zar\u00f3wno praktyczny, jak i reprezentacyjny, stanowi\u0105c doskona\u0142\u0105 wizyt\u00f3wk\u0119 firmy.<\/p>\n","protected":false},"excerpt":{"rendered":"<p>Kalendarze firmowe to nie tylko narz\u0119dzie do organizacji czasu, ale tak\u017ce doskona\u0142y spos\u00f3b na promocj\u0119 przedsi\u0119biorstwa przez ca\u0142y rok. Dobrze [&hellip;]<\/p>\n","protected":false},"author":4,"featured_media":404,"comment_status":"open","ping_status":"open","sticky":false,"template":"","format":"standard","meta":{"site-sidebar-layout":"default","site-content-layout":"","ast-site-content-layout":"","site-content-style":"default","site-sidebar-style":"default","ast-global-header-display":"","ast-banner-title-visibility":"","ast-main-header-display":"","ast-hfb-above-header-display":"","ast-hfb-below-header-display":"","ast-hfb-mobile-header-display":"","site-post-title":"","ast-breadcrumbs-content":"","ast-featured-img":"","footer-sml-layout":"","theme-transparent-header-meta":"","adv-header-id-meta":"","stick-header-meta":"","header-above-stick-meta":"","header-main-stick-meta":"","header-below-stick-meta":"","astra-migrate-meta-layouts":"default","ast-page-background-enabled":"default","ast-page-background-meta":{"desktop":{"background-color":"var(--ast-global-color-4)","background-image":"","background-repeat":"repeat","background-position":"center center","background-size":"auto","background-attachment":"scroll","background-type":"","background-media":"","overlay-type":"","overlay-color":"","overlay-opacity":"","overlay-gradient":""},"tablet":{"background-color":"","background-image":"","background-repeat":"repeat","background-position":"center center","background-size":"auto","background-attachment":"scroll","background-type":"","background-media":"","overlay-type":"","overlay-color":"","overlay-opacity":"","overlay-gradient":""},"mobile":{"background-color":"","background-image":"","background-repeat":"repeat","background-position":"center center","background-size":"auto","background-attachment":"scroll","background-type":"","background-media":"","overlay-type":"","overlay-color":"","overlay-opacity":"","overlay-gradient":""}},"ast-content-background-meta":{"desktop":{"background-color":"var(--ast-global-color-5)","background-image":"","background-repeat":"repeat","background-position":"center center","background-size":"auto","background-attachment":"scroll","background-type":"","background-media":"","overlay-type":"","overlay-color":"","overlay-opacity":"","overlay-gradient":""},"tablet":{"background-color":"var(--ast-global-color-5)","background-image":"","background-repeat":"repeat","background-position":"center center","background-size":"auto","background-attachment":"scroll","background-type":"","background-media":"","overlay-type":"","overlay-color":"","overlay-opacity":"","overlay-gradient":""},"mobile":{"background-color":"var(--ast-global-color-5)","background-image":"","background-repeat":"repeat","background-position":"center center","background-size":"auto","background-attachment":"scroll","background-type":"","background-media":"","overlay-type":"","overlay-color":"","overlay-opacity":"","overlay-gradient":""}},"footnotes":""},"categories":[1],"tags":[],"class_list":["post-570","post","type-post","status-publish","format-standard","has-post-thumbnail","hentry","category-bez-kategorii"],"yoast_head":"<!-- This site is optimized with the Yoast SEO plugin v23.2 - https:\/\/yoast.com\/wordpress\/plugins\/seo\/ -->\n<title>Jak projektowa\u0107 kalendarze firmowe? | evja.pl<\/title>\n<meta name=\"description\" content=\"Dowiedz si\u0119, jak zaprojektowa\u0107 kalendarze firmowe w drukarni \u2013 od formatu po wyb\u00f3r materia\u0142\u00f3w. Sprawd\u017a nasz poradnik i stw\u00f3rz kalendarz dla swojej firmy!\" \/>\n<meta name=\"robots\" content=\"index, follow, max-snippet:-1, max-image-preview:large, max-video-preview:-1\" \/>\n<link rel=\"canonical\" href=\"https:\/\/evja.pl\/index.php\/2025\/09\/02\/kalendarz-firmowy-jak-go-zaprojektowac\/\" \/>\n<meta property=\"og:locale\" content=\"pl_PL\" \/>\n<meta property=\"og:type\" content=\"article\" \/>\n<meta property=\"og:title\" content=\"Jak projektowa\u0107 kalendarze firmowe? | evja.pl\" \/>\n<meta property=\"og:description\" content=\"Dowiedz si\u0119, jak zaprojektowa\u0107 kalendarze firmowe w drukarni \u2013 od formatu po wyb\u00f3r materia\u0142\u00f3w. Sprawd\u017a nasz poradnik i stw\u00f3rz kalendarz dla swojej firmy!\" \/>\n<meta property=\"og:url\" content=\"https:\/\/evja.pl\/index.php\/2025\/09\/02\/kalendarz-firmowy-jak-go-zaprojektowac\/\" \/>\n<meta property=\"og:site_name\" content=\"EVJA\" \/>\n<meta property=\"article:published_time\" content=\"2025-09-02T18:35:11+00:00\" \/>\n<meta property=\"article:modified_time\" content=\"2025-09-02T18:35:27+00:00\" \/>\n<meta property=\"og:image\" content=\"https:\/\/evja.pl\/wp-content\/uploads\/2024\/08\/cmyk-617209_640.jpg\" \/>\n\t<meta property=\"og:image:width\" content=\"640\" \/>\n\t<meta property=\"og:image:height\" content=\"427\" \/>\n\t<meta property=\"og:image:type\" content=\"image\/jpeg\" \/>\n<meta name=\"author\" content=\"evja strona\" \/>\n<meta name=\"twitter:card\" content=\"summary_large_image\" \/>\n<meta name=\"twitter:label1\" content=\"Napisane przez\" \/>\n\t<meta name=\"twitter:data1\" content=\"evja strona\" \/>\n\t<meta name=\"twitter:label2\" content=\"Szacowany czas czytania\" \/>\n\t<meta name=\"twitter:data2\" content=\"6 minut\" \/>\n<script type=\"application\/ld+json\" class=\"yoast-schema-graph\">{\"@context\":\"https:\/\/schema.org\",\"@graph\":[{\"@type\":\"Article\",\"@id\":\"https:\/\/evja.pl\/index.php\/2025\/09\/02\/kalendarz-firmowy-jak-go-zaprojektowac\/#article\",\"isPartOf\":{\"@id\":\"https:\/\/evja.pl\/index.php\/2025\/09\/02\/kalendarz-firmowy-jak-go-zaprojektowac\/\"},\"author\":{\"name\":\"evja strona\",\"@id\":\"https:\/\/evja.pl\/#\/schema\/person\/51452e14cf1431bb56c10236502c9514\"},\"headline\":\"Kalendarz firmowy \u2013 jak go zaprojektowa\u0107?\",\"datePublished\":\"2025-09-02T18:35:11+00:00\",\"dateModified\":\"2025-09-02T18:35:27+00:00\",\"mainEntityOfPage\":{\"@id\":\"https:\/\/evja.pl\/index.php\/2025\/09\/02\/kalendarz-firmowy-jak-go-zaprojektowac\/\"},\"wordCount\":1029,\"commentCount\":0,\"publisher\":{\"@id\":\"https:\/\/evja.pl\/#organization\"},\"image\":{\"@id\":\"https:\/\/evja.pl\/index.php\/2025\/09\/02\/kalendarz-firmowy-jak-go-zaprojektowac\/#primaryimage\"},\"thumbnailUrl\":\"https:\/\/evja.pl\/wp-content\/uploads\/2024\/08\/cmyk-617209_640.jpg\",\"inLanguage\":\"pl-PL\",\"potentialAction\":[{\"@type\":\"CommentAction\",\"name\":\"Comment\",\"target\":[\"https:\/\/evja.pl\/index.php\/2025\/09\/02\/kalendarz-firmowy-jak-go-zaprojektowac\/#respond\"]}]},{\"@type\":\"WebPage\",\"@id\":\"https:\/\/evja.pl\/index.php\/2025\/09\/02\/kalendarz-firmowy-jak-go-zaprojektowac\/\",\"url\":\"https:\/\/evja.pl\/index.php\/2025\/09\/02\/kalendarz-firmowy-jak-go-zaprojektowac\/\",\"name\":\"Jak projektowa\u0107 kalendarze firmowe? | evja.pl\",\"isPartOf\":{\"@id\":\"https:\/\/evja.pl\/#website\"},\"primaryImageOfPage\":{\"@id\":\"https:\/\/evja.pl\/index.php\/2025\/09\/02\/kalendarz-firmowy-jak-go-zaprojektowac\/#primaryimage\"},\"image\":{\"@id\":\"https:\/\/evja.pl\/index.php\/2025\/09\/02\/kalendarz-firmowy-jak-go-zaprojektowac\/#primaryimage\"},\"thumbnailUrl\":\"https:\/\/evja.pl\/wp-content\/uploads\/2024\/08\/cmyk-617209_640.jpg\",\"datePublished\":\"2025-09-02T18:35:11+00:00\",\"dateModified\":\"2025-09-02T18:35:27+00:00\",\"description\":\"Dowiedz si\u0119, jak zaprojektowa\u0107 kalendarze firmowe w drukarni \u2013 od formatu po wyb\u00f3r materia\u0142\u00f3w. Sprawd\u017a nasz poradnik i stw\u00f3rz kalendarz dla swojej firmy!\",\"breadcrumb\":{\"@id\":\"https:\/\/evja.pl\/index.php\/2025\/09\/02\/kalendarz-firmowy-jak-go-zaprojektowac\/#breadcrumb\"},\"inLanguage\":\"pl-PL\",\"potentialAction\":[{\"@type\":\"ReadAction\",\"target\":[\"https:\/\/evja.pl\/index.php\/2025\/09\/02\/kalendarz-firmowy-jak-go-zaprojektowac\/\"]}]},{\"@type\":\"ImageObject\",\"inLanguage\":\"pl-PL\",\"@id\":\"https:\/\/evja.pl\/index.php\/2025\/09\/02\/kalendarz-firmowy-jak-go-zaprojektowac\/#primaryimage\",\"url\":\"https:\/\/evja.pl\/wp-content\/uploads\/2024\/08\/cmyk-617209_640.jpg\",\"contentUrl\":\"https:\/\/evja.pl\/wp-content\/uploads\/2024\/08\/cmyk-617209_640.jpg\",\"width\":640,\"height\":427,\"caption\":\"introligatornia\"},{\"@type\":\"BreadcrumbList\",\"@id\":\"https:\/\/evja.pl\/index.php\/2025\/09\/02\/kalendarz-firmowy-jak-go-zaprojektowac\/#breadcrumb\",\"itemListElement\":[{\"@type\":\"ListItem\",\"position\":1,\"name\":\"Strona g\u0142\u00f3wna\",\"item\":\"https:\/\/evja.pl\/\"},{\"@type\":\"ListItem\",\"position\":2,\"name\":\"Kalendarz firmowy \u2013 jak go zaprojektowa\u0107?\"}]},{\"@type\":\"WebSite\",\"@id\":\"https:\/\/evja.pl\/#website\",\"url\":\"https:\/\/evja.pl\/\",\"name\":\"EVJA\",\"description\":\"\",\"publisher\":{\"@id\":\"https:\/\/evja.pl\/#organization\"},\"potentialAction\":[{\"@type\":\"SearchAction\",\"target\":{\"@type\":\"EntryPoint\",\"urlTemplate\":\"https:\/\/evja.pl\/?s={search_term_string}\"},\"query-input\":\"required name=search_term_string\"}],\"inLanguage\":\"pl-PL\"},{\"@type\":\"Organization\",\"@id\":\"https:\/\/evja.pl\/#organization\",\"name\":\"EVJA\",\"url\":\"https:\/\/evja.pl\/\",\"logo\":{\"@type\":\"ImageObject\",\"inLanguage\":\"pl-PL\",\"@id\":\"https:\/\/evja.pl\/#\/schema\/logo\/image\/\",\"url\":\"https:\/\/evja.pl\/wp-content\/uploads\/2022\/02\/cropped-cropped-evjalogomail-1.png\",\"contentUrl\":\"https:\/\/evja.pl\/wp-content\/uploads\/2022\/02\/cropped-cropped-evjalogomail-1.png\",\"width\":81,\"height\":85,\"caption\":\"EVJA\"},\"image\":{\"@id\":\"https:\/\/evja.pl\/#\/schema\/logo\/image\/\"}},{\"@type\":\"Person\",\"@id\":\"https:\/\/evja.pl\/#\/schema\/person\/51452e14cf1431bb56c10236502c9514\",\"name\":\"evja strona\",\"image\":{\"@type\":\"ImageObject\",\"inLanguage\":\"pl-PL\",\"@id\":\"https:\/\/evja.pl\/#\/schema\/person\/image\/\",\"url\":\"https:\/\/secure.gravatar.com\/avatar\/00ae25da8cd7ccd548046f5c5d19d6a28722fa57004441b5d2474896e548f8d8?s=96&d=mm&r=g\",\"contentUrl\":\"https:\/\/secure.gravatar.com\/avatar\/00ae25da8cd7ccd548046f5c5d19d6a28722fa57004441b5d2474896e548f8d8?s=96&d=mm&r=g\",\"caption\":\"evja strona\"},\"url\":\"https:\/\/evja.pl\/index.php\/author\/evjastrona\/\"}]}<\/script>\n<!-- \/ Yoast SEO plugin. -->","yoast_head_json":{"title":"Jak projektowa\u0107 kalendarze firmowe? | evja.pl","description":"Dowiedz si\u0119, jak zaprojektowa\u0107 kalendarze firmowe w drukarni \u2013 od formatu po wyb\u00f3r materia\u0142\u00f3w. Sprawd\u017a nasz poradnik i stw\u00f3rz kalendarz dla swojej firmy!","robots":{"index":"index","follow":"follow","max-snippet":"max-snippet:-1","max-image-preview":"max-image-preview:large","max-video-preview":"max-video-preview:-1"},"canonical":"https:\/\/evja.pl\/index.php\/2025\/09\/02\/kalendarz-firmowy-jak-go-zaprojektowac\/","og_locale":"pl_PL","og_type":"article","og_title":"Jak projektowa\u0107 kalendarze firmowe? | evja.pl","og_description":"Dowiedz si\u0119, jak zaprojektowa\u0107 kalendarze firmowe w drukarni \u2013 od formatu po wyb\u00f3r materia\u0142\u00f3w. Sprawd\u017a nasz poradnik i stw\u00f3rz kalendarz dla swojej firmy!","og_url":"https:\/\/evja.pl\/index.php\/2025\/09\/02\/kalendarz-firmowy-jak-go-zaprojektowac\/","og_site_name":"EVJA","article_published_time":"2025-09-02T18:35:11+00:00","article_modified_time":"2025-09-02T18:35:27+00:00","og_image":[{"width":640,"height":427,"url":"https:\/\/evja.pl\/wp-content\/uploads\/2024\/08\/cmyk-617209_640.jpg","type":"image\/jpeg"}],"author":"evja strona","twitter_card":"summary_large_image","twitter_misc":{"Napisane przez":"evja strona","Szacowany czas czytania":"6 minut"},"schema":{"@context":"https:\/\/schema.org","@graph":[{"@type":"Article","@id":"https:\/\/evja.pl\/index.php\/2025\/09\/02\/kalendarz-firmowy-jak-go-zaprojektowac\/#article","isPartOf":{"@id":"https:\/\/evja.pl\/index.php\/2025\/09\/02\/kalendarz-firmowy-jak-go-zaprojektowac\/"},"author":{"name":"evja strona","@id":"https:\/\/evja.pl\/#\/schema\/person\/51452e14cf1431bb56c10236502c9514"},"headline":"Kalendarz firmowy \u2013 jak go zaprojektowa\u0107?","datePublished":"2025-09-02T18:35:11+00:00","dateModified":"2025-09-02T18:35:27+00:00","mainEntityOfPage":{"@id":"https:\/\/evja.pl\/index.php\/2025\/09\/02\/kalendarz-firmowy-jak-go-zaprojektowac\/"},"wordCount":1029,"commentCount":0,"publisher":{"@id":"https:\/\/evja.pl\/#organization"},"image":{"@id":"https:\/\/evja.pl\/index.php\/2025\/09\/02\/kalendarz-firmowy-jak-go-zaprojektowac\/#primaryimage"},"thumbnailUrl":"https:\/\/evja.pl\/wp-content\/uploads\/2024\/08\/cmyk-617209_640.jpg","inLanguage":"pl-PL","potentialAction":[{"@type":"CommentAction","name":"Comment","target":["https:\/\/evja.pl\/index.php\/2025\/09\/02\/kalendarz-firmowy-jak-go-zaprojektowac\/#respond"]}]},{"@type":"WebPage","@id":"https:\/\/evja.pl\/index.php\/2025\/09\/02\/kalendarz-firmowy-jak-go-zaprojektowac\/","url":"https:\/\/evja.pl\/index.php\/2025\/09\/02\/kalendarz-firmowy-jak-go-zaprojektowac\/","name":"Jak projektowa\u0107 kalendarze firmowe? | evja.pl","isPartOf":{"@id":"https:\/\/evja.pl\/#website"},"primaryImageOfPage":{"@id":"https:\/\/evja.pl\/index.php\/2025\/09\/02\/kalendarz-firmowy-jak-go-zaprojektowac\/#primaryimage"},"image":{"@id":"https:\/\/evja.pl\/index.php\/2025\/09\/02\/kalendarz-firmowy-jak-go-zaprojektowac\/#primaryimage"},"thumbnailUrl":"https:\/\/evja.pl\/wp-content\/uploads\/2024\/08\/cmyk-617209_640.jpg","datePublished":"2025-09-02T18:35:11+00:00","dateModified":"2025-09-02T18:35:27+00:00","description":"Dowiedz si\u0119, jak zaprojektowa\u0107 kalendarze firmowe w drukarni \u2013 od formatu po wyb\u00f3r materia\u0142\u00f3w. Sprawd\u017a nasz poradnik i stw\u00f3rz kalendarz dla swojej firmy!","breadcrumb":{"@id":"https:\/\/evja.pl\/index.php\/2025\/09\/02\/kalendarz-firmowy-jak-go-zaprojektowac\/#breadcrumb"},"inLanguage":"pl-PL","potentialAction":[{"@type":"ReadAction","target":["https:\/\/evja.pl\/index.php\/2025\/09\/02\/kalendarz-firmowy-jak-go-zaprojektowac\/"]}]},{"@type":"ImageObject","inLanguage":"pl-PL","@id":"https:\/\/evja.pl\/index.php\/2025\/09\/02\/kalendarz-firmowy-jak-go-zaprojektowac\/#primaryimage","url":"https:\/\/evja.pl\/wp-content\/uploads\/2024\/08\/cmyk-617209_640.jpg","contentUrl":"https:\/\/evja.pl\/wp-content\/uploads\/2024\/08\/cmyk-617209_640.jpg","width":640,"height":427,"caption":"introligatornia"},{"@type":"BreadcrumbList","@id":"https:\/\/evja.pl\/index.php\/2025\/09\/02\/kalendarz-firmowy-jak-go-zaprojektowac\/#breadcrumb","itemListElement":[{"@type":"ListItem","position":1,"name":"Strona g\u0142\u00f3wna","item":"https:\/\/evja.pl\/"},{"@type":"ListItem","position":2,"name":"Kalendarz firmowy \u2013 jak go zaprojektowa\u0107?"}]},{"@type":"WebSite","@id":"https:\/\/evja.pl\/#website","url":"https:\/\/evja.pl\/","name":"EVJA","description":"","publisher":{"@id":"https:\/\/evja.pl\/#organization"},"potentialAction":[{"@type":"SearchAction","target":{"@type":"EntryPoint","urlTemplate":"https:\/\/evja.pl\/?s={search_term_string}"},"query-input":"required name=search_term_string"}],"inLanguage":"pl-PL"},{"@type":"Organization","@id":"https:\/\/evja.pl\/#organization","name":"EVJA","url":"https:\/\/evja.pl\/","logo":{"@type":"ImageObject","inLanguage":"pl-PL","@id":"https:\/\/evja.pl\/#\/schema\/logo\/image\/","url":"https:\/\/evja.pl\/wp-content\/uploads\/2022\/02\/cropped-cropped-evjalogomail-1.png","contentUrl":"https:\/\/evja.pl\/wp-content\/uploads\/2022\/02\/cropped-cropped-evjalogomail-1.png","width":81,"height":85,"caption":"EVJA"},"image":{"@id":"https:\/\/evja.pl\/#\/schema\/logo\/image\/"}},{"@type":"Person","@id":"https:\/\/evja.pl\/#\/schema\/person\/51452e14cf1431bb56c10236502c9514","name":"evja strona","image":{"@type":"ImageObject","inLanguage":"pl-PL","@id":"https:\/\/evja.pl\/#\/schema\/person\/image\/","url":"https:\/\/secure.gravatar.com\/avatar\/00ae25da8cd7ccd548046f5c5d19d6a28722fa57004441b5d2474896e548f8d8?s=96&d=mm&r=g","contentUrl":"https:\/\/secure.gravatar.com\/avatar\/00ae25da8cd7ccd548046f5c5d19d6a28722fa57004441b5d2474896e548f8d8?s=96&d=mm&r=g","caption":"evja strona"},"url":"https:\/\/evja.pl\/index.php\/author\/evjastrona\/"}]}},"_links":{"self":[{"href":"https:\/\/evja.pl\/index.php\/wp-json\/wp\/v2\/posts\/570","targetHints":{"allow":["GET"]}}],"collection":[{"href":"https:\/\/evja.pl\/index.php\/wp-json\/wp\/v2\/posts"}],"about":[{"href":"https:\/\/evja.pl\/index.php\/wp-json\/wp\/v2\/types\/post"}],"author":[{"embeddable":true,"href":"https:\/\/evja.pl\/index.php\/wp-json\/wp\/v2\/users\/4"}],"replies":[{"embeddable":true,"href":"https:\/\/evja.pl\/index.php\/wp-json\/wp\/v2\/comments?post=570"}],"version-history":[{"count":1,"href":"https:\/\/evja.pl\/index.php\/wp-json\/wp\/v2\/posts\/570\/revisions"}],"predecessor-version":[{"id":571,"href":"https:\/\/evja.pl\/index.php\/wp-json\/wp\/v2\/posts\/570\/revisions\/571"}],"wp:featuredmedia":[{"embeddable":true,"href":"https:\/\/evja.pl\/index.php\/wp-json\/wp\/v2\/media\/404"}],"wp:attachment":[{"href":"https:\/\/evja.pl\/index.php\/wp-json\/wp\/v2\/media?parent=570"}],"wp:term":[{"taxonomy":"category","embeddable":true,"href":"https:\/\/evja.pl\/index.php\/wp-json\/wp\/v2\/categories?post=570"},{"taxonomy":"post_tag","embeddable":true,"href":"https:\/\/evja.pl\/index.php\/wp-json\/wp\/v2\/tags?post=570"}],"curies":[{"name":"wp","href":"https:\/\/api.w.org\/{rel}","templated":true}]}}